{"id":603,"date":"2013-02-14T17:11:30","date_gmt":"2013-02-14T17:11:30","guid":{"rendered":"http:\/\/grzinic-smid.si\/wp\/?p=603"},"modified":"2013-02-14T17:12:05","modified_gmt":"2013-02-14T17:12:05","slug":"dekolonialisierung-bilder-des-kampfes-2011","status":"publish","type":"post","link":"https:\/\/grzinic-smid.si\/?p=603","title":{"rendered":"Dekolonialisierung (Bilder des Kampfes) (2011)"},"content":{"rendered":"<p><a href=\"http:\/\/grzinic-smid.si\/wp-content\/uploads\/2013\/02\/2011decolonialitygerman_print1.pdf\"><img loading=\"lazy\" decoding=\"async\" class=\"alignnone size-full wp-image-604\" alt=\"\" src=\"http:\/\/grzinic-smid.si\/wp-content\/uploads\/2013\/02\/decogerman.jpg\" width=\"600\" height=\"360\" srcset=\"https:\/\/grzinic-smid.si\/wp-content\/uploads\/2013\/02\/decogerman.jpg 600w, https:\/\/grzinic-smid.si\/wp-content\/uploads\/2013\/02\/decogerman-300x180.jpg 300w\" sizes=\"auto, (max-width: 600px) 100vw, 600px\" \/><\/a><\/p>\n<p style=\"text-align: justify;\">Videofilm von Marina Gr\u017eini\u0107\/Aina \u0160mid\/Zvonka Sim\u010di\u010d Konzept und Recherche von Marina Gr\u017eini\u0107 Kamera von Zvonka Sim\u010di\u010d Arbeit an der Struktur durch Marina Gr\u017eini\u0107, Aina \u0160mid \u00dcbersetzung von Tja\u0161a Kancler, Bahet Kouraishi, Marina Gr\u017eini\u0107 Gefilmt in Bogota, Kolumbien, 2010. Projekt Dekoloniale \u00c4sthetik organisiert von Walter Mignolo (Argentinien, USA), Pedro Pablo G\u00f3mez (ASAB, Bogota) und vielen anderen. Produzent: Zvonka Sim\u010di\u010d Produziert von CCC, Ljubljana, Slowenien 2011<\/p>\n<p style=\"text-align: justify;\"><a href=\"http:\/\/grzinic-smid.si\/wp-content\/uploads\/2013\/02\/2011decolonialitygerman_print1.pdf\">download pdf&gt;&gt;<\/a><\/p>\n","protected":false},"excerpt":{"rendered":"<p>Videofilm von Marina Gr\u017eini\u0107\/Aina \u0160mid\/Zvonka Sim\u010di\u010d Konzept und Recherche von Marina Gr\u017eini\u0107 Kamera von Zvonka Sim\u010di\u010d Arbeit an der Struktur durch Marina Gr\u017eini\u0107, Aina \u0160mid \u00dcbersetzung von Tja\u0161a Kancler, Bahet Kouraishi, Marina Gr\u017eini\u0107 Gefilmt in Bogota, Kolumbien, 2010. Projekt Dekoloniale<span class=\"ellipsis\">&hellip;<\/span><\/p>\n<div class=\"read-more\"><a href=\"https:\/\/grzinic-smid.si\/?p=603\">Read more &#8250;<\/a><\/div>\n<p><!-- end of .read-more --><\/p>\n","protected":false},"author":1,"featured_media":0,"comment_status":"open","ping_status":"open","sticky":false,"template":"","format":"standard","meta":{"footnotes":""},"categories":[318],"tags":[],"class_list":["post-603","post","type-post","status-publish","format-standard","hentry","category-leaflets"],"_links":{"self":[{"href":"https:\/\/grzinic-smid.si\/index.php?rest_route=\/wp\/v2\/posts\/603","targetHints":{"allow":["GET"]}}],"collection":[{"href":"https:\/\/grzinic-smid.si\/index.php?rest_route=\/wp\/v2\/posts"}],"about":[{"href":"https:\/\/grzinic-smid.si\/index.php?rest_route=\/wp\/v2\/types\/post"}],"author":[{"embeddable":true,"href":"https:\/\/grzinic-smid.si\/index.php?rest_route=\/wp\/v2\/users\/1"}],"replies":[{"embeddable":true,"href":"https:\/\/grzinic-smid.si\/index.php?rest_route=%2Fwp%2Fv2%2Fcomments&post=603"}],"version-history":[{"count":2,"href":"https:\/\/grzinic-smid.si\/index.php?rest_route=\/wp\/v2\/posts\/603\/revisions"}],"predecessor-version":[{"id":608,"href":"https:\/\/grzinic-smid.si\/index.php?rest_route=\/wp\/v2\/posts\/603\/revisions\/608"}],"wp:attachment":[{"href":"https:\/\/grzinic-smid.si\/index.php?rest_route=%2Fwp%2Fv2%2Fmedia&parent=603"}],"wp:term":[{"taxonomy":"category","embeddable":true,"href":"https:\/\/grzinic-smid.si\/index.php?rest_route=%2Fwp%2Fv2%2Fcategories&post=603"},{"taxonomy":"post_tag","embeddable":true,"href":"https:\/\/grzinic-smid.si\/index.php?rest_route=%2Fwp%2Fv2%2Ftags&post=603"}],"curies":[{"name":"wp","href":"https:\/\/api.w.org\/{rel}","templated":true}]}}