{"id":920,"date":"2013-02-26T17:06:41","date_gmt":"2013-02-26T17:06:41","guid":{"rendered":"http:\/\/grzinic-smid.si\/?p=920"},"modified":"2013-03-08T20:26:09","modified_gmt":"2013-03-08T20:26:09","slug":"reartikulacija-10-13-2010","status":"publish","type":"post","link":"http:\/\/grzinic-smid.si\/?p=920","title":{"rendered":"Reartikulacija #10-13 (2010)"},"content":{"rendered":"<p><a href=\"http:\/\/grzinic-smid.si\/wp-content\/uploads\/2013\/02\/Rear2010tikulacija10111213.pdf\"><img loading=\"lazy\" decoding=\"async\" class=\"alignnone size-full wp-image-921\" alt=\"\" src=\"http:\/\/grzinic-smid.si\/wp-content\/uploads\/2013\/02\/Rear2010tikulacija10111213-1.jpg\" width=\"600\" height=\"895\" srcset=\"http:\/\/grzinic-smid.si\/wp-content\/uploads\/2013\/02\/Rear2010tikulacija10111213-1.jpg 600w, http:\/\/grzinic-smid.si\/wp-content\/uploads\/2013\/02\/Rear2010tikulacija10111213-1-201x300.jpg 201w\" sizes=\"auto, (max-width: 600px) 100vw, 600px\" \/><\/a><\/p>\n<p><strong>Reartikulacija<\/strong> <strong>#10-13<\/strong><br \/>\nArtistic-political-theoretical-discursive platform<br \/>\n2010 \/ <a href=\"http:\/\/grzinic-smid.si\/www.reartikulacija.org\">www.reartikulacija.org<\/a><\/p>\n<p style=\"text-align: justify;\">Reartikulacija is an art project of the group Reartikulacija (Marina Gr\u017eini\u0107, Sta\u0161 Kleindienst, Sebastjan Leban and Tanja Passoni). It is based on a precise intervention logic; through contemporary political theory, critic, art projects, activism and selforganization, it aims to intervene in the Slovene, Balkan and international space. The platform allows networking with other political subjects, activists, artists, who are interested in the possibility to create and maintain a dialogue with concrete social and political spaces in Slovenia, Europe and worldwide\u2026<\/p>\n<p style=\"text-align: justify;\">Sodelujo\u010di avtorji v pri\u010dujo\u010di \u0161tevilki\/Contributing authors in this issue: Marissa L\u00f4bo, Dunaj\/Vienna, Avstrija\/Austria; Marina Vishmidt, London, Velika Britanija\/Great Britain; Tatjana Greif, Ljubljana, Slovenija\/Slovenia; Nata\u0161a Velikonja, Ljubljana, Slovenija\/ Slovenia; Jovita Pristov\u0161ek, Ljubljana, Slovenija\/Slovenia; Hansel Sato, Dunaj\/Vienna, Avstrija\/Austria; Sta\u0161 Kleindienst, Ljubljana, Slovenija\/Slovenia; Marina Gr\u017eini\u0107, Ljubljana, Slovenija\/Slovenia; Danila Mayer, Dunaj\/Vienna, Avstrija\/Austria; Muzaffer Hasaltay, Dunaj\/Vienna, Avstrija\/Austria; Onur Serdar, Dunaj\/Vienna, Avstrija\/ Austria; Sandi Abram, Ljubljana, Slovenija\/Slovenia; Walter Mignolo, Durham, ZDA\/USA; Catherine Walsh, Ekvador\/Ecuador; Rubia Salgado, Linz, Avstrija\/Austria; Alanna Lockward, Nem\u010dija\/Germany.<\/p>\n<p style=\"text-align: justify;\"><a href=\"http:\/\/grzinic-smid.si\/wp-content\/uploads\/2013\/02\/Rear2010tikulacija10111213.pdf\">download Reartikulacija #10-13&gt;&gt;<\/a><\/p>\n","protected":false},"excerpt":{"rendered":"<p>Reartikulacija is an art project of the group Reartikulacija (Marina Gr\u017eini\u0107, Sta\u0161 Kleindienst, Sebastjan Leban and Tanja Passoni). It is based on a precise intervention logic; through contemporary political theory, critic, art projects, activism and selforganization, it aims to intervene in the Slovene, Balkan and international space. The platform allows networking with other political subjects, activists, artists, who are interested in the possibility to create and maintain a dialogue with concrete social and political spaces in Slovenia, Europe and worldwide\u2026<\/p>\n<div class=\"read-more\"><a href=\"http:\/\/grzinic-smid.si\/?p=920\">Read more &#8250;<\/a><\/div>\n<p><!-- end of .read-more --><\/p>\n","protected":false},"author":1,"featured_media":922,"comment_status":"open","ping_status":"open","sticky":false,"template":"","format":"standard","meta":{"footnotes":""},"categories":[383],"tags":[],"class_list":["post-920","post","type-post","status-publish","format-standard","has-post-thumbnail","hentry","category-journals"],"_links":{"self":[{"href":"http:\/\/grzinic-smid.si\/index.php?rest_route=\/wp\/v2\/posts\/920","targetHints":{"allow":["GET"]}}],"collection":[{"href":"http:\/\/grzinic-smid.si\/index.php?rest_route=\/wp\/v2\/posts"}],"about":[{"href":"http:\/\/grzinic-smid.si\/index.php?rest_route=\/wp\/v2\/types\/post"}],"author":[{"embeddable":true,"href":"http:\/\/grzinic-smid.si\/index.php?rest_route=\/wp\/v2\/users\/1"}],"replies":[{"embeddable":true,"href":"http:\/\/grzinic-smid.si\/index.php?rest_route=%2Fwp%2Fv2%2Fcomments&post=920"}],"version-history":[{"count":3,"href":"http:\/\/grzinic-smid.si\/index.php?rest_route=\/wp\/v2\/posts\/920\/revisions"}],"predecessor-version":[{"id":1025,"href":"http:\/\/grzinic-smid.si\/index.php?rest_route=\/wp\/v2\/posts\/920\/revisions\/1025"}],"wp:featuredmedia":[{"embeddable":true,"href":"http:\/\/grzinic-smid.si\/index.php?rest_route=\/wp\/v2\/media\/922"}],"wp:attachment":[{"href":"http:\/\/grzinic-smid.si\/index.php?rest_route=%2Fwp%2Fv2%2Fmedia&parent=920"}],"wp:term":[{"taxonomy":"category","embeddable":true,"href":"http:\/\/grzinic-smid.si\/index.php?rest_route=%2Fwp%2Fv2%2Fcategories&post=920"},{"taxonomy":"post_tag","embeddable":true,"href":"http:\/\/grzinic-smid.si\/index.php?rest_route=%2Fwp%2Fv2%2Ftags&post=920"}],"curies":[{"name":"wp","href":"https:\/\/api.w.org\/{rel}","templated":true}]}}