{"id":893,"date":"2013-02-26T16:48:37","date_gmt":"2013-02-26T16:48:37","guid":{"rendered":"http:\/\/grzinic-smid.si\/?p=893"},"modified":"2013-03-08T20:28:51","modified_gmt":"2013-03-08T20:28:51","slug":"reartikulacija-6-2009","status":"publish","type":"post","link":"http:\/\/grzinic-smid.si\/?p=893","title":{"rendered":"Reartikulacija #6 (2009)"},"content":{"rendered":"<p><a href=\"http:\/\/grzinic-smid.si\/wp-content\/uploads\/2013\/02\/Rear2008tikulacija6.pdf\"><img loading=\"lazy\" decoding=\"async\" class=\"alignnone size-full wp-image-894\" alt=\"\" src=\"http:\/\/grzinic-smid.si\/wp-content\/uploads\/2013\/02\/Rear2008tikulacija6-1.jpg\" width=\"600\" height=\"890\" srcset=\"http:\/\/grzinic-smid.si\/wp-content\/uploads\/2013\/02\/Rear2008tikulacija6-1.jpg 600w, http:\/\/grzinic-smid.si\/wp-content\/uploads\/2013\/02\/Rear2008tikulacija6-1-202x300.jpg 202w\" sizes=\"auto, (max-width: 600px) 100vw, 600px\" \/><\/a><\/p>\n<p><strong>Reartikulacija<\/strong> <strong>#6<\/strong><br \/>\nArtistic-political-theoretical-discursive platform<br \/>\n2009 \/ <a href=\"http:\/\/grzinic-smid.si\/www.reartikulacija.org\">www.reartikulacija.org<\/a><\/p>\n<p style=\"text-align: justify;\">Reartikulacija is an art project of the group Reartikulacija (Marina Gr\u017eini\u0107, Sta\u0161 Kleindienst, Sebastjan Leban and Tanja Passoni). It is based on a precise intervention logic; through contemporary political theory, critic, art projects, activism and selforganization, it aims to intervene in the Slovene, Balkan and international space. The platform allows networking with other political subjects, activists, artists, who are interested in the possibility to create and maintain a dialogue with concrete social and political spaces in Slovenia, Europe and worldwide\u2026<\/p>\n<p style=\"text-align: justify;\">Sodelujo\u010di avtorji v pri\u010dujo\u010di \u0161tevilki\/Contributing authors in this issue: Madina Tlostanova, Moskva\/Moscow, Rusija\/Russia; Walter Mignolo, Durham, ZDA\/USA; Peter McLaren, Los Angeles, ZDA\/USA; Marina Gr\u017eini\u0107, Ljubljana, Slovenija\/Slovenia; Lala Ra\u0161\u010di\u0107, Sarajevo, BiH in\/and Zagreb, Hrva\u0161ka\/Croatia; Tatjana Greif, Ljubljana, Slovenija\/Slovenia; \u0160efik \u0160eki Tatli\u0107, Sarajevo, BiH in\/and Zagreb, Hrva\u0161ka\/Croatia; Nata\u0161a Velikonja, Ljubljana, Slovenija\/Slovenia; Sebastjan Leban, Ljubljana, Slovenija\/Slovenia; Albin Kurti, Pri\u0161tina\/Prishtina, Kosovo\/Kosovo; Agon Hamza, Pri\u0161tina\/Prishtina, Kosovo\/Kosovo; Tihomir Topuzovski, Skopje, Makedonija\/Macedonia; Mar\u00eda Ruido, Barcelona, \u0160panija\/Spain, Julij Bor\u0161tnik, Ljubljana, Slovenija\/Slovenia.<\/p>\n<p><a href=\"http:\/\/grzinic-smid.si\/wp-content\/uploads\/2013\/02\/Rear2008tikulacija6.pdf\">download Reartikulacija #6&gt;&gt;<\/a><\/p>\n","protected":false},"excerpt":{"rendered":"<p>Reartikulacija is an art project of the group Reartikulacija (Marina Gr\u017eini\u0107, Sta\u0161 Kleindienst, Sebastjan Leban and Tanja Passoni). It is based on a precise intervention logic; through contemporary political theory, critic, art projects, activism and selforganization, it aims to intervene in the Slovene, Balkan and international space. The platform allows networking with other political subjects, activists, artists, who are interested in the possibility to create and maintain a dialogue with concrete social and political spaces in Slovenia, Europe and worldwide\u2026<\/p>\n<div class=\"read-more\"><a href=\"http:\/\/grzinic-smid.si\/?p=893\">Read more &#8250;<\/a><\/div>\n<p><!-- end of .read-more --><\/p>\n","protected":false},"author":1,"featured_media":895,"comment_status":"open","ping_status":"open","sticky":false,"template":"","format":"standard","meta":{"footnotes":""},"categories":[383],"tags":[],"class_list":["post-893","post","type-post","status-publish","format-standard","has-post-thumbnail","hentry","category-journals"],"_links":{"self":[{"href":"http:\/\/grzinic-smid.si\/index.php?rest_route=\/wp\/v2\/posts\/893","targetHints":{"allow":["GET"]}}],"collection":[{"href":"http:\/\/grzinic-smid.si\/index.php?rest_route=\/wp\/v2\/posts"}],"about":[{"href":"http:\/\/grzinic-smid.si\/index.php?rest_route=\/wp\/v2\/types\/post"}],"author":[{"embeddable":true,"href":"http:\/\/grzinic-smid.si\/index.php?rest_route=\/wp\/v2\/users\/1"}],"replies":[{"embeddable":true,"href":"http:\/\/grzinic-smid.si\/index.php?rest_route=%2Fwp%2Fv2%2Fcomments&post=893"}],"version-history":[{"count":5,"href":"http:\/\/grzinic-smid.si\/index.php?rest_route=\/wp\/v2\/posts\/893\/revisions"}],"predecessor-version":[{"id":901,"href":"http:\/\/grzinic-smid.si\/index.php?rest_route=\/wp\/v2\/posts\/893\/revisions\/901"}],"wp:featuredmedia":[{"embeddable":true,"href":"http:\/\/grzinic-smid.si\/index.php?rest_route=\/wp\/v2\/media\/895"}],"wp:attachment":[{"href":"http:\/\/grzinic-smid.si\/index.php?rest_route=%2Fwp%2Fv2%2Fmedia&parent=893"}],"wp:term":[{"taxonomy":"category","embeddable":true,"href":"http:\/\/grzinic-smid.si\/index.php?rest_route=%2Fwp%2Fv2%2Fcategories&post=893"},{"taxonomy":"post_tag","embeddable":true,"href":"http:\/\/grzinic-smid.si\/index.php?rest_route=%2Fwp%2Fv2%2Ftags&post=893"}],"curies":[{"name":"wp","href":"https:\/\/api.w.org\/{rel}","templated":true}]}}