{"id":861,"date":"2013-02-26T16:13:17","date_gmt":"2013-02-26T16:13:17","guid":{"rendered":"http:\/\/grzinic-smid.si\/?p=861"},"modified":"2013-02-28T16:31:17","modified_gmt":"2013-02-28T16:31:17","slug":"reartikulacija-2-2007","status":"publish","type":"post","link":"http:\/\/grzinic-smid.si\/?p=861","title":{"rendered":"Reartikulacija #2 (2007)"},"content":{"rendered":"<p><a href=\"http:\/\/grzinic-smid.si\/wp-content\/uploads\/2013\/02\/Rear2007tikulacija2SLO.pdf\"><img loading=\"lazy\" decoding=\"async\" class=\"alignnone size-full wp-image-862\" alt=\"\" src=\"http:\/\/grzinic-smid.si\/wp-content\/uploads\/2013\/02\/Rear2007tikulacija2SLO-1.jpg\" width=\"600\" height=\"863\" srcset=\"http:\/\/grzinic-smid.si\/wp-content\/uploads\/2013\/02\/Rear2007tikulacija2SLO-1.jpg 600w, http:\/\/grzinic-smid.si\/wp-content\/uploads\/2013\/02\/Rear2007tikulacija2SLO-1-208x300.jpg 208w\" sizes=\"auto, (max-width: 600px) 100vw, 600px\" \/><\/a><\/p>\n<p style=\"text-align: justify;\"><strong>Reartikulacija<\/strong> <strong>#2<\/strong><br \/>\nUmetni\u0161ko-politi\u010dna-teoreti\u010dna-diskurzivna platforma<br \/>\nDecember 2007\/Februar 2008 \/ <a href=\"http:\/\/grzinic-smid.si\/www.reartikulacija.org\">www.reartikulacija.org<\/a><\/p>\n<p style=\"text-align: justify;\">Reartikulacija je projekt skupine umetnikov, teoretikov, kritikov in prevajalcev. Nastala je iz precizne interventne logike; s sodobno teorijo, kritiko, umetni\u0161kimi projekti, aktivizmom in samoorganizacijo pose\u010di v slovenski prostor. Platforma omogo\u010da povezovanje z drugimi kriti\u010dnimi, aktivisti\u010dnimi, teoreti\u010dnimi in umetni\u0161kimi subjekti doma in v Evropi, predvsem na Balkanu in na podro\u010dju nekdanje Jugoslavije, ki jih zanima mo\u017enost oblikovanja in vzdr\u017eevanja kriti\u010dnega dialoga s konkretnimi dru\u017ebeno\u2013politi\u010dnimi prostori.<\/p>\n<p>\u010casopis urejajo: Marina Gr\u017eini\u0107, Sta\u0161 Kleindienst , Sebastjan Leban in Tanja Passoni<br \/>\nRubriko Beograjska (druga) scena urejata: Ana Vujanovi\u0107 in Marta Popivoda<br \/>\nRubriko Druga kultura ureja: Andreja Kopa\u010d<br \/>\nRubriko Hiperkomodifikacija urejata: Sta\u0161 Kleindienst in Sebastjan Leban<br \/>\nRubriko Kiberpipa ureja: Da\u0161a Lakner<br \/>\nRubriko Kriti\u010dna praksa ureja: Metod Blejec<br \/>\nRubriko Lezbi\u010dni bar ureja: Nata\u0161a Velikonja<br \/>\nRubriko Novi fa\u0161izmi ureja: \u0160efik \u0160eki Tatli\u0107<br \/>\nRubriko Queer urejata: Tatjana Greif in Nata\u0161a Suki\u010d<\/p>\n<p><a href=\"http:\/\/grzinic-smid.si\/wp-content\/uploads\/2013\/02\/Rear2007tikulacija2SLO.pdf\">download Reartikulacija #2&gt;&gt;<\/a><\/p>\n","protected":false},"excerpt":{"rendered":"<p>Reartikulacija je projekt skupine umetnikov, teoretikov, kritikov in prevajalcev. Nastala je iz precizne interventne logike; s sodobno teorijo, kritiko, umetni\u0161kimi projekti, aktivizmom in samoorganizacijo pose\u010di v slovenski prostor. Platforma omogo\u010da povezovanje z drugimi kriti\u010dnimi, aktivisti\u010dnimi, teoreti\u010dnimi in umetni\u0161kimi subjekti doma in v Evropi, predvsem na Balkanu in na podro\u010dju nekdanje Jugoslavije, ki jih zanima mo\u017enost oblikovanja in vzdr\u017eevanja kriti\u010dnega dialoga s konkretnimi dru\u017ebeno\u2013politi\u010dnimi prostori. <\/p>\n<div class=\"read-more\"><a href=\"http:\/\/grzinic-smid.si\/?p=861\">Read more &#8250;<\/a><\/div>\n<p><!-- end of .read-more --><\/p>\n","protected":false},"author":1,"featured_media":866,"comment_status":"open","ping_status":"open","sticky":false,"template":"","format":"standard","meta":{"footnotes":""},"categories":[383],"tags":[],"class_list":["post-861","post","type-post","status-publish","format-standard","has-post-thumbnail","hentry","category-journals"],"_links":{"self":[{"href":"http:\/\/grzinic-smid.si\/index.php?rest_route=\/wp\/v2\/posts\/861","targetHints":{"allow":["GET"]}}],"collection":[{"href":"http:\/\/grzinic-smid.si\/index.php?rest_route=\/wp\/v2\/posts"}],"about":[{"href":"http:\/\/grzinic-smid.si\/index.php?rest_route=\/wp\/v2\/types\/post"}],"author":[{"embeddable":true,"href":"http:\/\/grzinic-smid.si\/index.php?rest_route=\/wp\/v2\/users\/1"}],"replies":[{"embeddable":true,"href":"http:\/\/grzinic-smid.si\/index.php?rest_route=%2Fwp%2Fv2%2Fcomments&post=861"}],"version-history":[{"count":5,"href":"http:\/\/grzinic-smid.si\/index.php?rest_route=\/wp\/v2\/posts\/861\/revisions"}],"predecessor-version":[{"id":864,"href":"http:\/\/grzinic-smid.si\/index.php?rest_route=\/wp\/v2\/posts\/861\/revisions\/864"}],"wp:featuredmedia":[{"embeddable":true,"href":"http:\/\/grzinic-smid.si\/index.php?rest_route=\/wp\/v2\/media\/866"}],"wp:attachment":[{"href":"http:\/\/grzinic-smid.si\/index.php?rest_route=%2Fwp%2Fv2%2Fmedia&parent=861"}],"wp:term":[{"taxonomy":"category","embeddable":true,"href":"http:\/\/grzinic-smid.si\/index.php?rest_route=%2Fwp%2Fv2%2Fcategories&post=861"},{"taxonomy":"post_tag","embeddable":true,"href":"http:\/\/grzinic-smid.si\/index.php?rest_route=%2Fwp%2Fv2%2Ftags&post=861"}],"curies":[{"name":"wp","href":"https:\/\/api.w.org\/{rel}","templated":true}]}}