{"id":837,"date":"2013-02-26T15:58:28","date_gmt":"2013-02-26T15:58:28","guid":{"rendered":"http:\/\/grzinic-smid.si\/?p=837"},"modified":"2013-02-28T16:33:22","modified_gmt":"2013-02-28T16:33:22","slug":"reartikulacija-1-2","status":"publish","type":"post","link":"http:\/\/grzinic-smid.si\/?p=837","title":{"rendered":"Reartikulacija #1 (2007)"},"content":{"rendered":"<p><a href=\"http:\/\/grzinic-smid.si\/wp-content\/uploads\/2013\/02\/Rear2007tikulacija1SLO.pdf\"><img loading=\"lazy\" decoding=\"async\" class=\"alignnone size-full wp-image-838\" alt=\"\" src=\"http:\/\/grzinic-smid.si\/wp-content\/uploads\/2013\/02\/Rear2007tikulacija1SLO-1.jpg\" width=\"600\" height=\"865\" srcset=\"http:\/\/grzinic-smid.si\/wp-content\/uploads\/2013\/02\/Rear2007tikulacija1SLO-1.jpg 600w, http:\/\/grzinic-smid.si\/wp-content\/uploads\/2013\/02\/Rear2007tikulacija1SLO-1-208x300.jpg 208w\" sizes=\"auto, (max-width: 600px) 100vw, 600px\" \/><\/a><\/p>\n<p><strong>Reartikulacija<\/strong> <strong>#1<\/strong><br \/>\nUmetni\u0161ko-politi\u010dna-teoreti\u010dna-diskurzivna platforma<br \/>\nOktober\/November 2007 \/ <a href=\"www.reartikulacija.org\">www.reartikulacija.org<\/a><\/p>\n<p style=\"text-align: justify;\">Reartikulacija je projekt skupine umetnikov, teoretikov, kritikov in prevajalcev. Nastala je iz precizne interventne logike; s sodobno teorijo, kritiko, umetni\u0161kimi projekti, aktivizmom in samoorganizacijo pose\u010di v slovenski prostor. Platforma omogo\u010da povezovanje z drugimi kriti\u010dnimi, aktivisti\u010dnimi, teoreti\u010dnimi in umetni\u0161kimi subjekti doma in v Evropi, predvsem na Balkanu in na podro\u010dju nekdanje Jugoslavije, ki jih zanima mo\u017enost oblikovanja in vzdr\u017eevanja kriti\u010dnega dialoga s konkretnimi dru\u017ebeno\u2013politi\u010dnimi prostori.<\/p>\n<p style=\"text-align: justify;\">Sodelujo\u010di avtorji v pri\u010dujo\u010di \u0161tevilki: umetni\u0161ka skupina REARTIKULACIJA, Ljubljana; Raziskovalna skupina za zgodovino in sedanjost temnopoltih v Avstriji (Araba Evelyn Johnston-Arthur in Belinda Kazeem), Dunaj; Marina Gr\u017eini\u0107, Ljubljana; \u0160efik \u0160eki Tatli\u0107, Sarajevo, Zagreb; Nata\u0161a Velikonja, Ljubljana; Nata\u0161a Suki\u010d, Ljubljana; Kirsten Forkert, Kanada in \u0160vedska; Ana Vujanovi\u0107, Beograd; Marta Popivoda, Beograd; Sezgin Boynik, Pri\u0161tina\/Istanbul; Andreja Kopa\u010d, Ljubljana; Barbara Kanc, Ljubljana; Mojca Puncer, Ljubljana; Sta\u0161 Kleindienst, Ljubljana; Sebastjan Leban, Ljubljana; Ivana Marjanovi\u0107, Beograd; Mojca Plan\u0161ak, Ljubljana; Sini\u0161a Ili\u0107, Beograd; Da\u0161a Lakner, Kiberpipa, Ljubljana; Break, Ljubljana.<\/p>\n<p><a href=\"http:\/\/grzinic-smid.si\/wp-content\/uploads\/2013\/02\/Rear2007tikulacija1SLO.pdf\">download Reartikulacija #1&gt;&gt;<\/a><\/p>\n","protected":false},"excerpt":{"rendered":"<p>Reartikulacija je projekt skupine umetnikov, teoretikov, kritikov in prevajalcev. Nastala je iz precizne interventne logike; s sodobno teorijo, kritiko, umetni\u0161kimi projekti, aktivizmom in samoorganizacijo pose\u010di v slovenski prostor. Platforma omogo\u010da povezovanje z drugimi kriti\u010dnimi, aktivisti\u010dnimi, teoreti\u010dnimi in umetni\u0161kimi subjekti doma in v Evropi, predvsem na Balkanu in na podro\u010dju nekdanje Jugoslavije, ki jih zanima mo\u017enost oblikovanja in vzdr\u017eevanja kriti\u010dnega dialoga s konkretnimi dru\u017ebeno\u2013politi\u010dnimi prostori.<\/p>\n<div class=\"read-more\"><a href=\"http:\/\/grzinic-smid.si\/?p=837\">Read more &#8250;<\/a><\/div>\n<p><!-- end of .read-more --><\/p>\n","protected":false},"author":1,"featured_media":839,"comment_status":"open","ping_status":"open","sticky":false,"template":"","format":"standard","meta":{"footnotes":""},"categories":[383],"tags":[],"class_list":["post-837","post","type-post","status-publish","format-standard","has-post-thumbnail","hentry","category-journals"],"_links":{"self":[{"href":"http:\/\/grzinic-smid.si\/index.php?rest_route=\/wp\/v2\/posts\/837","targetHints":{"allow":["GET"]}}],"collection":[{"href":"http:\/\/grzinic-smid.si\/index.php?rest_route=\/wp\/v2\/posts"}],"about":[{"href":"http:\/\/grzinic-smid.si\/index.php?rest_route=\/wp\/v2\/types\/post"}],"author":[{"embeddable":true,"href":"http:\/\/grzinic-smid.si\/index.php?rest_route=\/wp\/v2\/users\/1"}],"replies":[{"embeddable":true,"href":"http:\/\/grzinic-smid.si\/index.php?rest_route=%2Fwp%2Fv2%2Fcomments&post=837"}],"version-history":[{"count":12,"href":"http:\/\/grzinic-smid.si\/index.php?rest_route=\/wp\/v2\/posts\/837\/revisions"}],"predecessor-version":[{"id":844,"href":"http:\/\/grzinic-smid.si\/index.php?rest_route=\/wp\/v2\/posts\/837\/revisions\/844"}],"wp:featuredmedia":[{"embeddable":true,"href":"http:\/\/grzinic-smid.si\/index.php?rest_route=\/wp\/v2\/media\/839"}],"wp:attachment":[{"href":"http:\/\/grzinic-smid.si\/index.php?rest_route=%2Fwp%2Fv2%2Fmedia&parent=837"}],"wp:term":[{"taxonomy":"category","embeddable":true,"href":"http:\/\/grzinic-smid.si\/index.php?rest_route=%2Fwp%2Fv2%2Fcategories&post=837"},{"taxonomy":"post_tag","embeddable":true,"href":"http:\/\/grzinic-smid.si\/index.php?rest_route=%2Fwp%2Fv2%2Ftags&post=837"}],"curies":[{"name":"wp","href":"https:\/\/api.w.org\/{rel}","templated":true}]}}