{"id":634,"date":"2013-02-14T17:36:56","date_gmt":"2013-02-14T17:36:56","guid":{"rendered":"http:\/\/grzinic-smid.si\/wp\/?p=634"},"modified":"2013-02-14T17:37:59","modified_gmt":"2013-02-14T17:37:59","slug":"intermediality-of-image-and-politics-2012","status":"publish","type":"post","link":"http:\/\/grzinic-smid.si\/?p=634","title":{"rendered":"Intermediality of image and politics (2012)"},"content":{"rendered":"<p><a href=\"http:\/\/grzinic-smid.si\/wp-content\/uploads\/2013\/02\/2012GlasgowKKosmala.pdf\"><img loading=\"lazy\" decoding=\"async\" class=\"alignnone size-full wp-image-635\" alt=\"\" src=\"http:\/\/grzinic-smid.si\/wp-content\/uploads\/2013\/02\/gdansk.jpg\" width=\"600\" height=\"379\" srcset=\"http:\/\/grzinic-smid.si\/wp-content\/uploads\/2013\/02\/gdansk.jpg 600w, http:\/\/grzinic-smid.si\/wp-content\/uploads\/2013\/02\/gdansk-300x189.jpg 300w\" sizes=\"auto, (max-width: 600px) 100vw, 600px\" \/><\/a><\/p>\n<p style=\"text-align: justify;\">Marina Gr\u017eini\u0107 and Aina \u0160mid have been working with a critique of ideologies por- trayed as the fluid, changing systems, revealing their rhetorical functions in cul- tural production since 1982. Their collaborative practice points at resisting tactics; they evoke that emancipation and alternative voices in artistic practice can only emerge parallel with processes of reflecting upon who the \u2018outsiders\u2019 are in the context of post-Socialist mapping of non-capitalist world. Using the medium of video and cyber environment, the artists position memories of a Communist past and its symbolism with the contradictions of post-Socialist conditions, and in doing so engage in a critique of Western hegemony and global capitalism. Ideology is manifested in the body, history, and culture. The video Postsocialism + Retroavantgarda + IRWIN (1997) points towards aesthetics\u2019 regime in which the video itself becomes a medium for a philosophical reflection about the cultural, artistic and political spaces in the current conditions of post-Socialism in the territories of the ex-Yugoslavia in the 1980s and 1990s. IRWIN group, Mladen Stilinovi\u0107 and Kasimir Malevich feature in the video. Their artistic projects with their relation to the Socialist and post-Socialist New Media Technology and Politics Gr\u017eini\u0107 and \u0160mid\u2019s narrations of Europe ideology code in a specific way the ex- Yugoslavian geographical space.<\/p>\n<p><strong>Major retrospective of video work by Marina Gr\u017eini\u0107 and Aina \u0160mid curated by Katarzyna Kosmala<\/strong><br \/>\nCCA, Glasgow, 28-29 September, 2012<\/p>\n<p><a href=\"http:\/\/grzinic-smid.si\/wp-content\/uploads\/2013\/02\/2012GlasgowKKosmala.pdf\">download pdf&gt;&gt;<\/a><\/p>\n<p>&nbsp;<\/p>\n","protected":false},"excerpt":{"rendered":"<p>Marina Gr\u017eini\u0107 and Aina \u0160mid have been working with a critique of ideologies por- trayed as the fluid, changing systems, revealing their rhetorical functions in cul- tural production since 1982. Their collaborative practice points at resisting tactics; they evoke that<span class=\"ellipsis\">&hellip;<\/span><\/p>\n<div class=\"read-more\"><a href=\"http:\/\/grzinic-smid.si\/?p=634\">Read more &#8250;<\/a><\/div>\n<p><!-- end of .read-more --><\/p>\n","protected":false},"author":1,"featured_media":0,"comment_status":"open","ping_status":"open","sticky":false,"template":"","format":"standard","meta":{"footnotes":""},"categories":[318],"tags":[],"class_list":["post-634","post","type-post","status-publish","format-standard","hentry","category-leaflets"],"_links":{"self":[{"href":"http:\/\/grzinic-smid.si\/index.php?rest_route=\/wp\/v2\/posts\/634","targetHints":{"allow":["GET"]}}],"collection":[{"href":"http:\/\/grzinic-smid.si\/index.php?rest_route=\/wp\/v2\/posts"}],"about":[{"href":"http:\/\/grzinic-smid.si\/index.php?rest_route=\/wp\/v2\/types\/post"}],"author":[{"embeddable":true,"href":"http:\/\/grzinic-smid.si\/index.php?rest_route=\/wp\/v2\/users\/1"}],"replies":[{"embeddable":true,"href":"http:\/\/grzinic-smid.si\/index.php?rest_route=%2Fwp%2Fv2%2Fcomments&post=634"}],"version-history":[{"count":3,"href":"http:\/\/grzinic-smid.si\/index.php?rest_route=\/wp\/v2\/posts\/634\/revisions"}],"predecessor-version":[{"id":639,"href":"http:\/\/grzinic-smid.si\/index.php?rest_route=\/wp\/v2\/posts\/634\/revisions\/639"}],"wp:attachment":[{"href":"http:\/\/grzinic-smid.si\/index.php?rest_route=%2Fwp%2Fv2%2Fmedia&parent=634"}],"wp:term":[{"taxonomy":"category","embeddable":true,"href":"http:\/\/grzinic-smid.si\/index.php?rest_route=%2Fwp%2Fv2%2Fcategories&post=634"},{"taxonomy":"post_tag","embeddable":true,"href":"http:\/\/grzinic-smid.si\/index.php?rest_route=%2Fwp%2Fv2%2Ftags&post=634"}],"curies":[{"name":"wp","href":"https:\/\/api.w.org\/{rel}","templated":true}]}}