{"id":609,"date":"2013-02-14T17:15:30","date_gmt":"2013-02-14T17:15:30","guid":{"rendered":"http:\/\/grzinic-smid.si\/wp\/?p=609"},"modified":"2013-02-14T17:17:25","modified_gmt":"2013-02-14T17:17:25","slug":"decoloniality-images-of-struggle-2011","status":"publish","type":"post","link":"http:\/\/grzinic-smid.si\/?p=609","title":{"rendered":"Decoloniality (Images of Struggle) (2011)"},"content":{"rendered":"<p><a href=\"http:\/\/grzinic-smid.si\/wp-content\/uploads\/2013\/02\/2011decolonialityVenicepress.pdf\"><img loading=\"lazy\" decoding=\"async\" class=\"alignnone size-full wp-image-610\" alt=\"\" src=\"http:\/\/grzinic-smid.si\/wp-content\/uploads\/2013\/02\/decovenice.jpg\" width=\"600\" height=\"424\" srcset=\"http:\/\/grzinic-smid.si\/wp-content\/uploads\/2013\/02\/decovenice.jpg 600w, http:\/\/grzinic-smid.si\/wp-content\/uploads\/2013\/02\/decovenice-300x212.jpg 300w\" sizes=\"auto, (max-width: 600px) 100vw, 600px\" \/><\/a><br \/>\nVideo film by Marina Gr\u017eini\u0107\/Aina \u0160mid\/Zvonka Sim\u010di\u010d (40.47min., color, b\/w, sound, 2011)<br \/>\nConcept and research by Marina Gr\u017eini\u0107 Camera by Zvonka Sim\u010di\u010d<br \/>\nWork on the structure by Marina Gr\u017eini\u0107, Aina \u0160mid<br \/>\nTranslation by Tja\u0161a Kancler, Bahet Kouraishi, Marina Gr\u017eini\u0107<\/p>\n<p>The project Decolonial Aesthetics was organized by Walter Mignolo, Pedro Pablo G\u00f3mez (ASAB, Bogota) and many others. Filmed in Bogota, Colombia, 2010.<\/p>\n<p>Producer: Zvonka Sim\u010di\u010d Produced by CCC, Ljubljana, Slovenia 2011 <a href=\"http:\/\/www.zavod-ccc.org\/index.php?page\/GS\">http:\/\/www.zavod-ccc.org\/<\/a><\/p>\n<p>Marina Gr\u017eini\u0107 is a philosopher, artist and curator that works in Ljubljana and Vienna. Aina \u0160mid is art historian and magazine editor that works in Ljubljana. Zvonka Sim\u010di\u010d is a multimedia artist that lives and works in Ljubljana.<\/p>\n<p><a href=\"http:\/\/grzinic-smid.si\/wp-content\/uploads\/2013\/02\/2011decolonialityVenicepress.pdf\">download pdf&gt;&gt;<\/a><\/p>\n","protected":false},"excerpt":{"rendered":"<p>Video film by Marina Gr\u017eini\u0107\/Aina \u0160mid\/Zvonka Sim\u010di\u010d (40.47min., color, b\/w, sound, 2011) Concept and research by Marina Gr\u017eini\u0107 Camera by Zvonka Sim\u010di\u010d Work on the structure by Marina Gr\u017eini\u0107, Aina \u0160mid Translation by Tja\u0161a Kancler, Bahet Kouraishi, Marina Gr\u017eini\u0107 The<span class=\"ellipsis\">&hellip;<\/span><\/p>\n<div class=\"read-more\"><a href=\"http:\/\/grzinic-smid.si\/?p=609\">Read more &#8250;<\/a><\/div>\n<p><!-- end of .read-more --><\/p>\n","protected":false},"author":1,"featured_media":0,"comment_status":"open","ping_status":"open","sticky":false,"template":"","format":"standard","meta":{"footnotes":""},"categories":[318],"tags":[],"class_list":["post-609","post","type-post","status-publish","format-standard","hentry","category-leaflets"],"_links":{"self":[{"href":"http:\/\/grzinic-smid.si\/index.php?rest_route=\/wp\/v2\/posts\/609","targetHints":{"allow":["GET"]}}],"collection":[{"href":"http:\/\/grzinic-smid.si\/index.php?rest_route=\/wp\/v2\/posts"}],"about":[{"href":"http:\/\/grzinic-smid.si\/index.php?rest_route=\/wp\/v2\/types\/post"}],"author":[{"embeddable":true,"href":"http:\/\/grzinic-smid.si\/index.php?rest_route=\/wp\/v2\/users\/1"}],"replies":[{"embeddable":true,"href":"http:\/\/grzinic-smid.si\/index.php?rest_route=%2Fwp%2Fv2%2Fcomments&post=609"}],"version-history":[{"count":5,"href":"http:\/\/grzinic-smid.si\/index.php?rest_route=\/wp\/v2\/posts\/609\/revisions"}],"predecessor-version":[{"id":616,"href":"http:\/\/grzinic-smid.si\/index.php?rest_route=\/wp\/v2\/posts\/609\/revisions\/616"}],"wp:attachment":[{"href":"http:\/\/grzinic-smid.si\/index.php?rest_route=%2Fwp%2Fv2%2Fmedia&parent=609"}],"wp:term":[{"taxonomy":"category","embeddable":true,"href":"http:\/\/grzinic-smid.si\/index.php?rest_route=%2Fwp%2Fv2%2Fcategories&post=609"},{"taxonomy":"post_tag","embeddable":true,"href":"http:\/\/grzinic-smid.si\/index.php?rest_route=%2Fwp%2Fv2%2Ftags&post=609"}],"curies":[{"name":"wp","href":"https:\/\/api.w.org\/{rel}","templated":true}]}}