{"id":374,"date":"2013-02-16T03:03:07","date_gmt":"2013-02-16T03:03:07","guid":{"rendered":"http:\/\/grzinic-smid.si\/wp\/?p=374"},"modified":"2013-02-21T19:13:24","modified_gmt":"2013-02-21T19:13:24","slug":"new-media-technology-science-and-politics","status":"publish","type":"post","link":"http:\/\/grzinic-smid.si\/?p=374","title":{"rendered":"New-Media Technology, Science and Politics (2008)"},"content":{"rendered":"<p align=\"justify\"><strong><a href=\"http:\/\/grzinic-smid.si\/wp-content\/uploads\/2013\/02\/newmedia.pdf\"><img loading=\"lazy\" decoding=\"async\" class=\"size-full wp-image-259 alignleft\" alt=\"new-mediabook\" src=\"http:\/\/grzinic-smid.si\/wp-content\/uploads\/2013\/02\/new-mediabook.jpg\" width=\"763\" height=\"578\" srcset=\"http:\/\/grzinic-smid.si\/wp-content\/uploads\/2013\/02\/new-mediabook.jpg 763w, http:\/\/grzinic-smid.si\/wp-content\/uploads\/2013\/02\/new-mediabook-300x227.jpg 300w\" sizes=\"auto, (max-width: 763px) 100vw, 763px\" \/><\/a>New-Media Technology, Science and Politics<\/strong><\/p>\n<p style=\"text-align: justify;\" align=\"justify\"><span style=\"text-decoration: underline;\">The Video Art of Marina Grzinic and Aina Smid<\/span><\/p>\n<p style=\"text-align: justify;\" align=\"justify\">Marina Grzinic, Tanja Velagic (Hg.)<\/p>\n<p style=\"text-align: justify;\">Das Buch ist ein Reader zum Thema Videokunst, die aus einer wissenschaftlichen und medientechnologischen Perspektive sowie innerhalb des Diskurses um Bedingungen und Auswirkungen von Politik betrachtet wird. Es handelt sich hier um die Politik der Theorie, die Emanzipation gesellschaftlicher Zust\u00e4nde und die Dekonstruktion von \u00c4sthetik.<\/p>\n<p style=\"text-align: justify;\" align=\"justify\">Das Medium Video wird am Beispiel der Arbeiten der K\u00fcnstlerinnen Marina Gr\u017eini\u00e6 und Aina \u0160mid verhandelt, die in diesem Feld seit 1980 t\u00e4tig sind und deren Arbeiten im Kontext Ex-Jugoslawiens sowie des heutigen Sloweniens angesiedelt sind. Deshalb thematisiert dieses Buch auch den subkulturellen politischen Einsatz von Videokunst und dem Medium Video innerhalb der politischen Realit\u00e4t des einst realsozialistischen Osteuropa.<\/p>\n<p style=\"text-align: justify;\" align=\"justify\">Das Buch ist eine herausfordernde theoretische, essayistische sowie kritische (Re-) Konstruktion von weniger bekannten Aspekten der Videokunst, die vom Realsozialismus bis zum Kapitalismus und vom Untergrund bis hin zu einem philosophischen und kritischen Medium reichen.<\/p>\n<p style=\"text-align: justify;\" align=\"justify\">Mit Beitr\u00e4gen von (u.a.): Diane Amiel, Giorgio Bertellini, Gulsen Bal, Marina Gr\u00beini\u00e6, Maria Klonaris und Katarina Thomadaki, Mojca Puncer, Ana Vujanovic, Mi\u0161ko Suvakovic, Yvonne Volkart und Walter Seidl.<\/p>\n<p style=\"text-align: justify;\" align=\"justify\"><a href=\"http:\/\/grzinic-smid.si\/wp-content\/uploads\/2013\/02\/covernewmedia.pdf\">download book cover in pdf&gt;&gt;<\/a><\/p>\n<p style=\"text-align: justify;\" align=\"justify\"><a href=\"http:\/\/grzinic-smid.si\/wp-content\/uploads\/2013\/02\/newmedia.pdf\">download book in pdf&gt;&gt;<\/a><\/p>\n","protected":false},"excerpt":{"rendered":"<p>New-Media Technology, Science and Politics The Video Art of Marina Grzinic and Aina Smid Marina Grzinic, Tanja Velagic (Hg.) Das Buch ist ein Reader zum Thema Videokunst, die aus einer wissenschaftlichen und medientechnologischen Perspektive sowie innerhalb des Diskurses um Bedingungen<span class=\"ellipsis\">&hellip;<\/span><\/p>\n<div class=\"read-more\"><a href=\"http:\/\/grzinic-smid.si\/?p=374\">Read more &#8250;<\/a><\/div>\n<p><!-- end of .read-more --><\/p>\n","protected":false},"author":1,"featured_media":0,"comment_status":"open","ping_status":"open","sticky":false,"template":"","format":"standard","meta":{"footnotes":""},"categories":[123],"tags":[],"class_list":["post-374","post","type-post","status-publish","format-standard","hentry","category-books"],"_links":{"self":[{"href":"http:\/\/grzinic-smid.si\/index.php?rest_route=\/wp\/v2\/posts\/374","targetHints":{"allow":["GET"]}}],"collection":[{"href":"http:\/\/grzinic-smid.si\/index.php?rest_route=\/wp\/v2\/posts"}],"about":[{"href":"http:\/\/grzinic-smid.si\/index.php?rest_route=\/wp\/v2\/types\/post"}],"author":[{"embeddable":true,"href":"http:\/\/grzinic-smid.si\/index.php?rest_route=\/wp\/v2\/users\/1"}],"replies":[{"embeddable":true,"href":"http:\/\/grzinic-smid.si\/index.php?rest_route=%2Fwp%2Fv2%2Fcomments&post=374"}],"version-history":[{"count":11,"href":"http:\/\/grzinic-smid.si\/index.php?rest_route=\/wp\/v2\/posts\/374\/revisions"}],"predecessor-version":[{"id":747,"href":"http:\/\/grzinic-smid.si\/index.php?rest_route=\/wp\/v2\/posts\/374\/revisions\/747"}],"wp:attachment":[{"href":"http:\/\/grzinic-smid.si\/index.php?rest_route=%2Fwp%2Fv2%2Fmedia&parent=374"}],"wp:term":[{"taxonomy":"category","embeddable":true,"href":"http:\/\/grzinic-smid.si\/index.php?rest_route=%2Fwp%2Fv2%2Fcategories&post=374"},{"taxonomy":"post_tag","embeddable":true,"href":"http:\/\/grzinic-smid.si\/index.php?rest_route=%2Fwp%2Fv2%2Ftags&post=374"}],"curies":[{"name":"wp","href":"https:\/\/api.w.org\/{rel}","templated":true}]}}