{"id":1816,"date":"2024-10-04T09:33:05","date_gmt":"2024-10-04T09:33:05","guid":{"rendered":"https:\/\/grzinic-smid.si\/?p=1816"},"modified":"2024-10-04T09:35:03","modified_gmt":"2024-10-04T09:35:03","slug":"dissident-histories-insurgent-futurities","status":"publish","type":"post","link":"http:\/\/grzinic-smid.si\/?p=1816","title":{"rendered":"DISSIDENT HISTORIES. INSURGENT FUTURITIES"},"content":{"rendered":"\n<p>08 10 2024 \u2013 15 12 2024&nbsp;<\/p>\n\n\n\n<p><strong><a rel=\"noreferrer noopener\" href=\"https:\/\/ggm.gda.pl\/en\/28648\/marina-grzinic-dissident-histories-insurgent-futurities\/\" target=\"_blank\">Marina GR\u017dINI\u0106<\/a><\/strong> with Aina \u0160MID, Tja\u0161a KANCLER, Jovita PRISTOV\u0160EK<\/p>\n\n\n\n<figure class=\"wp-block-image size-full\"><a href=\"https:\/\/grzinic-smid.si\/wp-content\/uploads\/2024\/10\/wystawa-Historie_www1.png\"><img loading=\"lazy\" decoding=\"async\" width=\"480\" height=\"640\" src=\"https:\/\/grzinic-smid.si\/wp-content\/uploads\/2024\/10\/wystawa-Historie_www1.png\" alt=\"\" class=\"wp-image-1817\" srcset=\"http:\/\/grzinic-smid.si\/wp-content\/uploads\/2024\/10\/wystawa-Historie_www1.png 480w, http:\/\/grzinic-smid.si\/wp-content\/uploads\/2024\/10\/wystawa-Historie_www1-225x300.png 225w, http:\/\/grzinic-smid.si\/wp-content\/uploads\/2024\/10\/wystawa-Historie_www1-100x133.png 100w, http:\/\/grzinic-smid.si\/wp-content\/uploads\/2024\/10\/wystawa-Historie_www1-150x200.png 150w, http:\/\/grzinic-smid.si\/wp-content\/uploads\/2024\/10\/wystawa-Historie_www1-200x267.png 200w, http:\/\/grzinic-smid.si\/wp-content\/uploads\/2024\/10\/wystawa-Historie_www1-300x400.png 300w, http:\/\/grzinic-smid.si\/wp-content\/uploads\/2024\/10\/wystawa-Historie_www1-450x600.png 450w\" sizes=\"auto, (max-width: 480px) 100vw, 480px\" \/><\/a><\/figure>\n\n\n\n<p><strong>Venue:<\/strong>&nbsp;G\u00fcnter Grass Gallery in Gda\u0144sk<br><strong>Dates:<\/strong>&nbsp;08.10-15.12.2024<br><strong>Opening night:<\/strong>&nbsp;October 8, 2024 at 6 PM<br><strong>Curator:<\/strong>&nbsp;\u0141ukasz Guzek<br><strong>Co-Curator:&nbsp;<\/strong>Mara Ambro\u017ei\u010d Verderber<br><strong>Exhibition project:&nbsp;<\/strong>Marina Gr\u017eini\u0107 and Jovita Pristov\u0161ek<br><strong>Conference:&nbsp;<\/strong>09.10.2024, 2.00 PM | Europejskie Centrum Solidarno\u015bci&nbsp;<\/p>\n\n\n\n<p><strong>ABOUT EXHIBITION<\/strong><br><br>The central reference point around which the concept of Marina Gr\u017eini\u0107&#8217;s exhibition was organized is the process of reassessing our perspective on the changes taking place in art and culture under the weight of migration. Irreversible.<br><br>At the heart of the exhibition lies a focal point on the 40-year journey of video-film and installation work by Marina Gr\u017eini\u0107 and Aina \u0160mid. This showcase not only celebrates their collaborative oeuvre, which began in 1982 and has left a profound artistic and political impact across former Yugoslavia, Slovenia, and beyond, but also introduces a fresh collaborative venture involving Marina Gr\u017eini\u0107, Tja\u0161a Kancler, and Jovita Pristov\u0161ek, which began in 2022.<br><br><strong><a rel=\"noreferrer noopener\" href=\"https:\/\/grzinic-smid.si\/\" target=\"_blank\">Marina Gr\u017eini\u0107<\/a><\/strong>is a doctor of philosophy and works as a professor at the Academy of Fine Arts Vienna, Austria. She also works as a Principal Research Associate at the Research Centre of the Slovenian Academy of Sciences and Arts, Institute of Philosophy, Ljubljana, Slovenia. Gr\u017eini\u0107 has published numerous articles, essays and several books and has been a video artist in the field of political film for 40 years. She is currently leading the research project Conviviality as Potentiality (FWF AR 679) with her research team Dr. Jovita Pristov\u0161ek, Asma Aiad, BA MA, and Anahita Neghabat, MA.<\/p>\n\n\n\n<p>Download the leaflet <a href=\"https:\/\/grzinic-smid.si\/wp-content\/uploads\/2024\/10\/dissident-histories_insurgent-futurities-eng-3.pdf\" data-type=\"URL\" data-id=\"https:\/\/grzinic-smid.si\/wp-content\/uploads\/2024\/10\/dissident-histories_insurgent-futurities-eng-3.pdf\">here><\/a><br><br><strong>Co-financed<\/strong>\u00a0by the Minister of Culture and National Heritage from the Culture Promotion Fund \u2013 a state earmarked fund.\u00a0<\/p>\n\n\n\n<p><strong>With the&nbsp;generous support&nbsp;of the<\/strong><strong>&nbsp;<\/strong><strong>Embassy of the Republic of Slovenia in Warsaw<\/strong><strong>.<\/strong><\/p>\n\n\n\n<p><strong>Partner:&nbsp;<\/strong>ASP, Piran Coastal Galleries&nbsp;<br><br><strong>Media partner:<\/strong>&nbsp;Tr\u00f3jmiasto.pl, Presti\u017c Magazyn Tr\u00f3jmiejski, Gda\u0144sk.p<img><\/p>\n\n\n\n<p><\/p>\n","protected":false},"excerpt":{"rendered":"<p>08 10 2024 \u2013 15 12 2024&nbsp; Marina GR\u017dINI\u0106 with Aina \u0160MID, Tja\u0161a KANCLER, Jovita PRISTOV\u0160EK Venue:&nbsp;G\u00fcnter Grass Gallery in Gda\u0144skDates:&nbsp;08.10-15.12.2024Opening night:&nbsp;October 8, 2024 at 6 PMCurator:&nbsp;\u0141ukasz GuzekCo-Curator:&nbsp;Mara Ambro\u017ei\u010d VerderberExhibition project:&nbsp;Marina Gr\u017eini\u0107 and Jovita Pristov\u0161ekConference:&nbsp;09.10.2024, 2.00 PM | Europejskie Centrum<span class=\"ellipsis\">&hellip;<\/span><\/p>\n<div class=\"read-more\"><a href=\"http:\/\/grzinic-smid.si\/?p=1816\">Read more &#8250;<\/a><\/div>\n<p><!-- end of .read-more --><\/p>\n","protected":false},"author":1,"featured_media":0,"comment_status":"closed","ping_status":"closed","sticky":false,"template":"","format":"standard","meta":{"footnotes":""},"categories":[368,318,367],"tags":[],"class_list":["post-1816","post","type-post","status-publish","format-standard","hentry","category-archive","category-leaflets","category-news"],"_links":{"self":[{"href":"http:\/\/grzinic-smid.si\/index.php?rest_route=\/wp\/v2\/posts\/1816","targetHints":{"allow":["GET"]}}],"collection":[{"href":"http:\/\/grzinic-smid.si\/index.php?rest_route=\/wp\/v2\/posts"}],"about":[{"href":"http:\/\/grzinic-smid.si\/index.php?rest_route=\/wp\/v2\/types\/post"}],"author":[{"embeddable":true,"href":"http:\/\/grzinic-smid.si\/index.php?rest_route=\/wp\/v2\/users\/1"}],"replies":[{"embeddable":true,"href":"http:\/\/grzinic-smid.si\/index.php?rest_route=%2Fwp%2Fv2%2Fcomments&post=1816"}],"version-history":[{"count":5,"href":"http:\/\/grzinic-smid.si\/index.php?rest_route=\/wp\/v2\/posts\/1816\/revisions"}],"predecessor-version":[{"id":1861,"href":"http:\/\/grzinic-smid.si\/index.php?rest_route=\/wp\/v2\/posts\/1816\/revisions\/1861"}],"wp:attachment":[{"href":"http:\/\/grzinic-smid.si\/index.php?rest_route=%2Fwp%2Fv2%2Fmedia&parent=1816"}],"wp:term":[{"taxonomy":"category","embeddable":true,"href":"http:\/\/grzinic-smid.si\/index.php?rest_route=%2Fwp%2Fv2%2Fcategories&post=1816"},{"taxonomy":"post_tag","embeddable":true,"href":"http:\/\/grzinic-smid.si\/index.php?rest_route=%2Fwp%2Fv2%2Ftags&post=1816"}],"curies":[{"name":"wp","href":"https:\/\/api.w.org\/{rel}","templated":true}]}}