{"id":1637,"date":"2022-03-13T13:48:54","date_gmt":"2022-03-13T13:48:54","guid":{"rendered":"http:\/\/grzinic-smid.si\/?p=1637"},"modified":"2022-03-13T13:49:17","modified_gmt":"2022-03-13T13:49:17","slug":"marina-grzinic-et-aina-smid-quarante-ans-dart-video-militant","status":"publish","type":"post","link":"http:\/\/grzinic-smid.si\/?p=1637","title":{"rendered":"Marina Grzinic et Aina Smid, quarante ans d\u2019art vid\u00e9o militant"},"content":{"rendered":"<div class=\"titre\">\n<h2><a href=\"http:\/\/grzinic-smid.si\/wp-content\/uploads\/2022\/03\/Cine-debat-7-avril-3-Moments-of-Decisions-3.jpg\"><img loading=\"lazy\" decoding=\"async\" class=\"alignnone size-full wp-image-1638\" src=\"http:\/\/grzinic-smid.si\/wp-content\/uploads\/2022\/03\/Cine-debat-7-avril-3-Moments-of-Decisions-3.jpg\" alt=\"\" width=\"2176\" height=\"1632\" srcset=\"http:\/\/grzinic-smid.si\/wp-content\/uploads\/2022\/03\/Cine-debat-7-avril-3-Moments-of-Decisions-3.jpg 2176w, http:\/\/grzinic-smid.si\/wp-content\/uploads\/2022\/03\/Cine-debat-7-avril-3-Moments-of-Decisions-3-300x225.jpg 300w, http:\/\/grzinic-smid.si\/wp-content\/uploads\/2022\/03\/Cine-debat-7-avril-3-Moments-of-Decisions-3-1024x768.jpg 1024w, http:\/\/grzinic-smid.si\/wp-content\/uploads\/2022\/03\/Cine-debat-7-avril-3-Moments-of-Decisions-3-100x75.jpg 100w, http:\/\/grzinic-smid.si\/wp-content\/uploads\/2022\/03\/Cine-debat-7-avril-3-Moments-of-Decisions-3-150x113.jpg 150w, http:\/\/grzinic-smid.si\/wp-content\/uploads\/2022\/03\/Cine-debat-7-avril-3-Moments-of-Decisions-3-200x150.jpg 200w, http:\/\/grzinic-smid.si\/wp-content\/uploads\/2022\/03\/Cine-debat-7-avril-3-Moments-of-Decisions-3-450x338.jpg 450w, http:\/\/grzinic-smid.si\/wp-content\/uploads\/2022\/03\/Cine-debat-7-avril-3-Moments-of-Decisions-3-600x450.jpg 600w, http:\/\/grzinic-smid.si\/wp-content\/uploads\/2022\/03\/Cine-debat-7-avril-3-Moments-of-Decisions-3-900x675.jpg 900w\" sizes=\"auto, (max-width: 2176px) 100vw, 2176px\" \/><\/a>Avec Marina Gr\u017eini\u0107<\/h2>\n<\/div>\n<p style=\"text-align: justify;\"><strong>Marina Gr\u017einic et Aina \u0160mid r\u00e9alisent leurs premi\u00e8res vid\u00e9os exp\u00e9rimentales au d\u00e9but des ann\u00e9es 1980, port\u00e9es par le milieu punk et queer de Ljubljana (ex-Yougoslavie).<\/strong><\/p>\n<p style=\"text-align: justify;\">Respectivement philosophe et historienne de l\u2019art, elles d\u00e9veloppent alors un langage exp\u00e9rimental singulier, expression d\u2019une dissidence politique et sexuelle assum\u00e9e. Militant, leur art ose la critique du r\u00e9gime yougoslave avant son effondrement, puis celle \u00ab du plus sanguinaire des capitalismes \u00bb auquel les pays du sud-est de l\u2019Europe sont confront\u00e9s depuis les ann\u00e9es 1990.<\/p>\n<p style=\"text-align: justify;\">Our Story, le rendez-vous mensuel LGBTQIA+ de CINEMATEK, et l\u2019ISELP, vous invitent \u00e0 d\u00e9couvrir, en pr\u00e9sence de Marina Gr\u017eini\u0107, une s\u00e9lection de vid\u00e9os du duo d\u2019artistes : Moments of Decision (1985, 14\u2019); Bilocation (1990, 12\u2019); Labyrinth (1993, 12\u2019) Luna 10 (1994, 11\u2019); Obsession (2008, 16\u2019).<\/p>\n<p style=\"text-align: justify;\">Our Story a pour ambition d\u2019interroger le pass\u00e9 et le pr\u00e9sent cin\u00e9matographique de la communaut\u00e9 queer. Cet \u00e9v\u00e9nement cl\u00f4ture un programme consacr\u00e9 \u00e0 Gr\u017eini\u0107 et \u0160mid, organis\u00e9 en collaboration avec l\u2019ERG, CINEMATEK et Elles tournent.<\/p>\n<p><a href=\"https:\/\/iselp.be\/evenement\/marina-grzinic-et-aina-smid-quarante-ans-dart-video-militant\/\">https:\/\/iselp.be\/evenement\/marina-grzinic-et-aina-smid-quarante-ans-dart-video-militant\/<\/a><\/p>\n","protected":false},"excerpt":{"rendered":"<p>Avec Marina Gr\u017eini\u0107 Marina Gr\u017einic et Aina \u0160mid r\u00e9alisent leurs premi\u00e8res vid\u00e9os exp\u00e9rimentales au d\u00e9but des ann\u00e9es 1980, port\u00e9es par le milieu punk et queer de Ljubljana (ex-Yougoslavie). Respectivement philosophe et historienne de l\u2019art, elles d\u00e9veloppent alors un langage exp\u00e9rimental<span class=\"ellipsis\">&hellip;<\/span><\/p>\n<div class=\"read-more\"><a href=\"http:\/\/grzinic-smid.si\/?p=1637\">Read more &#8250;<\/a><\/div>\n<p><!-- end of .read-more --><\/p>\n","protected":false},"author":1,"featured_media":0,"comment_status":"open","ping_status":"open","sticky":false,"template":"","format":"standard","meta":{"footnotes":""},"categories":[367],"tags":[],"class_list":["post-1637","post","type-post","status-publish","format-standard","hentry","category-news"],"_links":{"self":[{"href":"http:\/\/grzinic-smid.si\/index.php?rest_route=\/wp\/v2\/posts\/1637","targetHints":{"allow":["GET"]}}],"collection":[{"href":"http:\/\/grzinic-smid.si\/index.php?rest_route=\/wp\/v2\/posts"}],"about":[{"href":"http:\/\/grzinic-smid.si\/index.php?rest_route=\/wp\/v2\/types\/post"}],"author":[{"embeddable":true,"href":"http:\/\/grzinic-smid.si\/index.php?rest_route=\/wp\/v2\/users\/1"}],"replies":[{"embeddable":true,"href":"http:\/\/grzinic-smid.si\/index.php?rest_route=%2Fwp%2Fv2%2Fcomments&post=1637"}],"version-history":[{"count":2,"href":"http:\/\/grzinic-smid.si\/index.php?rest_route=\/wp\/v2\/posts\/1637\/revisions"}],"predecessor-version":[{"id":1640,"href":"http:\/\/grzinic-smid.si\/index.php?rest_route=\/wp\/v2\/posts\/1637\/revisions\/1640"}],"wp:attachment":[{"href":"http:\/\/grzinic-smid.si\/index.php?rest_route=%2Fwp%2Fv2%2Fmedia&parent=1637"}],"wp:term":[{"taxonomy":"category","embeddable":true,"href":"http:\/\/grzinic-smid.si\/index.php?rest_route=%2Fwp%2Fv2%2Fcategories&post=1637"},{"taxonomy":"post_tag","embeddable":true,"href":"http:\/\/grzinic-smid.si\/index.php?rest_route=%2Fwp%2Fv2%2Ftags&post=1637"}],"curies":[{"name":"wp","href":"https:\/\/api.w.org\/{rel}","templated":true}]}}