{"id":1629,"date":"2021-12-14T13:30:48","date_gmt":"2021-12-14T13:30:48","guid":{"rendered":"http:\/\/grzinic-smid.si\/?p=1629"},"modified":"2021-12-14T13:31:42","modified_gmt":"2021-12-14T13:31:42","slug":"our-story-dec-2021-feb-2022-relations-25-years-of-the-lesbian-group-skuc-ll","status":"publish","type":"post","link":"http:\/\/grzinic-smid.si\/?p=1629","title":{"rendered":"Our Story Dec 2021 &#8211; Feb 2022 \/ RELATIONS\/ 25 Years Of The Lesbian Group \u0160KUC-LL"},"content":{"rendered":"<p class=\"x_small\">RELATIONS\/ 25 Years Of The Lesbian Group \u0160KUC-LL<\/p>\n<p class=\"x_small\">colour \u2044 SUBS: EN<\/p>\n<p class=\"x_small\"><strong>Marina Gr\u017einic, Aina \u0160mid, Zvonka T Simcic<\/strong>, Slovenija; Sloveni\u00eb &#8211; Slov\u00e9nie<\/p>\n<h6>Wednesday\u00a015.12 19:00 <span class=\"x_badge\">Le Doux|upper<\/span> <a href=\"https:\/\/apps.ticketmatic.com\/widgets\/cinematek\/flow\/tickets?event=767365331009&amp;l=en#!\/addtickets\" target=\"_blank\" rel=\"noopener noreferrer\" data-auth=\"NotApplicable\" data-linkindex=\"0\">Cart<\/a><\/h6>\n<p class=\"x_notice\"><strong>Relations<\/strong> showcases the artistic and militant dynamism of the ex-Yugoslav LGBTQIA+ community and highlighting important historical milestones such as the Magnus Festival in Ljubljana (1984), the first international gay and lesbian film festival to ever take place in Europe.<\/p>\n<p>Co-directed with Aina \u0160mid and Zvonka Sim\u010di\u010d, the film Relations grapples with one of the overarching questions of Gr\u017eini\u0107\u2019s theoretical and artistic work: How to &#8220;present and interpret the specific identity of other cultures and productions within the one-dimensional established framework of dominant Western culture?&#8221;<\/p>\n<p id=\"strong-Do-you-know-the-history-of-Europe-s-First-Queer-Film-festival-ever-strong\" class=\"text-black medium mb-5 pb-5\"><strong>Do you know the history of Europe&#8217;s First Queer Film festival ever?<\/strong><\/p>\n<p class=\"x_notice\"><a href=\"https:\/\/cinematek.be\/en\/dossiers\/2021\/our-story\" target=\"_blank\" rel=\"noopener noreferrer\" data-auth=\"NotApplicable\" data-linkindex=\"1\">Read the full interview! <\/a><\/p>\n<p class=\"x_small\"><strong>In samenwerking met Pink Screens, l&#8217;ERG en Dames Draaien \/ En collaboration avec Pink Screens, l&#8217;ERG et Elles Tournent<\/strong><\/p>\n","protected":false},"excerpt":{"rendered":"<p>Do you know the history of Europe&#8217;s First Queer Film festival ever?<br \/>\nOur Story Dec 2021 &#8211; Feb 2022 \/ RELATIONS\/ 25 Years Of The Lesbian Group \u0160KUC-LL<\/p>\n<div class=\"read-more\"><a href=\"http:\/\/grzinic-smid.si\/?p=1629\">Read more &#8250;<\/a><\/div>\n<p><!-- end of .read-more --><\/p>\n","protected":false},"author":1,"featured_media":0,"comment_status":"open","ping_status":"open","sticky":false,"template":"","format":"standard","meta":{"footnotes":""},"categories":[52,367],"tags":[],"class_list":["post-1629","post","type-post","status-publish","format-standard","hentry","category-interviews","category-news"],"_links":{"self":[{"href":"http:\/\/grzinic-smid.si\/index.php?rest_route=\/wp\/v2\/posts\/1629","targetHints":{"allow":["GET"]}}],"collection":[{"href":"http:\/\/grzinic-smid.si\/index.php?rest_route=\/wp\/v2\/posts"}],"about":[{"href":"http:\/\/grzinic-smid.si\/index.php?rest_route=\/wp\/v2\/types\/post"}],"author":[{"embeddable":true,"href":"http:\/\/grzinic-smid.si\/index.php?rest_route=\/wp\/v2\/users\/1"}],"replies":[{"embeddable":true,"href":"http:\/\/grzinic-smid.si\/index.php?rest_route=%2Fwp%2Fv2%2Fcomments&post=1629"}],"version-history":[{"count":2,"href":"http:\/\/grzinic-smid.si\/index.php?rest_route=\/wp\/v2\/posts\/1629\/revisions"}],"predecessor-version":[{"id":1631,"href":"http:\/\/grzinic-smid.si\/index.php?rest_route=\/wp\/v2\/posts\/1629\/revisions\/1631"}],"wp:attachment":[{"href":"http:\/\/grzinic-smid.si\/index.php?rest_route=%2Fwp%2Fv2%2Fmedia&parent=1629"}],"wp:term":[{"taxonomy":"category","embeddable":true,"href":"http:\/\/grzinic-smid.si\/index.php?rest_route=%2Fwp%2Fv2%2Fcategories&post=1629"},{"taxonomy":"post_tag","embeddable":true,"href":"http:\/\/grzinic-smid.si\/index.php?rest_route=%2Fwp%2Fv2%2Ftags&post=1629"}],"curies":[{"name":"wp","href":"https:\/\/api.w.org\/{rel}","templated":true}]}}