{"id":1464,"date":"2018-03-01T15:22:16","date_gmt":"2018-03-01T15:22:16","guid":{"rendered":"http:\/\/grzinic-smid.si\/?p=1464"},"modified":"2018-03-01T15:28:29","modified_gmt":"2018-03-01T15:28:29","slug":"current-signs","status":"publish","type":"post","link":"http:\/\/grzinic-smid.si\/?p=1464","title":{"rendered":"Exhibition &#8220;Current signs&#8221;"},"content":{"rendered":"<p style=\"text-align: justify;\"><a href=\"http:\/\/grzinic-smid.si\/wp-content\/uploads\/2018\/03\/The-technologies-of-capture-and-control-Grzinic-Smid-2018.pdf\"><img loading=\"lazy\" decoding=\"async\" class=\" size-medium wp-image-1465 alignleft\" src=\"http:\/\/grzinic-smid.si\/wp-content\/uploads\/2018\/03\/poster-web-212x300.jpg\" alt=\"\" width=\"212\" height=\"300\" srcset=\"http:\/\/grzinic-smid.si\/wp-content\/uploads\/2018\/03\/poster-web-212x300.jpg 212w, http:\/\/grzinic-smid.si\/wp-content\/uploads\/2018\/03\/poster-web-100x142.jpg 100w, http:\/\/grzinic-smid.si\/wp-content\/uploads\/2018\/03\/poster-web-150x212.jpg 150w, http:\/\/grzinic-smid.si\/wp-content\/uploads\/2018\/03\/poster-web-200x283.jpg 200w, http:\/\/grzinic-smid.si\/wp-content\/uploads\/2018\/03\/poster-web-300x425.jpg 300w, http:\/\/grzinic-smid.si\/wp-content\/uploads\/2018\/03\/poster-web-450x637.jpg 450w, http:\/\/grzinic-smid.si\/wp-content\/uploads\/2018\/03\/poster-web.jpg 595w\" sizes=\"auto, (max-width: 212px) 100vw, 212px\" \/><\/a>The technologies of capture and control<br \/>\nGr\u017eini\u0107 &amp; \u0160mid, 2018<\/p>\n<p style=\"text-align: justify;\"><a href=\"http:\/\/grzinic-smid.si\/wp-content\/uploads\/2018\/03\/The-technologies-of-capture-and-control-Grzinic-Smid-2018.pdf\">download poster in pdf&gt;<\/a><\/p>\n<p style=\"text-align: justify;\">Exhibition &#8220;Current signs&#8221;\u00a0 with Pablo Chiereghin, Anetta Mona Chi\u015fa &amp; Lucia Tk\u00e1\u010dov\u00e1, Johannes Gierlinger, Marina Gr\u017eini\u0107 &amp; Aina \u0160mid, Siggi Hofer, Sekretariat f\u00fcr Geister, Archivpolitiken und L\u00fccken (SKGAL), Klub Zwei, Milan Mijalkovic, Ryts Monet, monochrom, Ivette Mrova Zub, Yoshinori Niwa, UBERMORGEN, Flora Watzal, Christina Werner, WochenKlausur.\u00a0\u2028curator \u00a0Enar de Dios\u00a0Rodriguez<\/p>\n<p>das weisse haus, nonprofit exhibition-event space<br \/>\nHegelgasse 14, 1010 Vienna<br \/>\n21.02. \u2013 28.03.2018<\/p>\n","protected":false},"excerpt":{"rendered":"<p>Exhibition \u201cCurrent signs\u201d  with Pablo Chiereghin, Anetta Mona Chi\u015fa &#038; Lucia Tk\u00e1\u010dov\u00e1, Johannes Gierlinger, Marina Gr\u017eini\u0107 &#038; Aina \u0160mid, Siggi Hofer, Sekretariat f\u00fcr Geister, Archivpolitiken und L\u00fccken (SKGAL), Klub Zwei, Milan Mijalkovic, Ryts Monet, monochrom, Ivette Mrova Zub, Yoshinori Niwa, UBERMORGEN, Flora Watzal, Christina Werner, WochenKlausur. \u2028curator  Enar de Dios Rodriguez<\/p>\n<div class=\"read-more\"><a href=\"http:\/\/grzinic-smid.si\/?p=1464\">Read more &#8250;<\/a><\/div>\n<p><!-- end of .read-more --><\/p>\n","protected":false},"author":1,"featured_media":0,"comment_status":"open","ping_status":"open","sticky":false,"template":"","format":"standard","meta":{"footnotes":""},"categories":[367],"tags":[],"class_list":["post-1464","post","type-post","status-publish","format-standard","hentry","category-news"],"_links":{"self":[{"href":"http:\/\/grzinic-smid.si\/index.php?rest_route=\/wp\/v2\/posts\/1464","targetHints":{"allow":["GET"]}}],"collection":[{"href":"http:\/\/grzinic-smid.si\/index.php?rest_route=\/wp\/v2\/posts"}],"about":[{"href":"http:\/\/grzinic-smid.si\/index.php?rest_route=\/wp\/v2\/types\/post"}],"author":[{"embeddable":true,"href":"http:\/\/grzinic-smid.si\/index.php?rest_route=\/wp\/v2\/users\/1"}],"replies":[{"embeddable":true,"href":"http:\/\/grzinic-smid.si\/index.php?rest_route=%2Fwp%2Fv2%2Fcomments&post=1464"}],"version-history":[{"count":6,"href":"http:\/\/grzinic-smid.si\/index.php?rest_route=\/wp\/v2\/posts\/1464\/revisions"}],"predecessor-version":[{"id":1474,"href":"http:\/\/grzinic-smid.si\/index.php?rest_route=\/wp\/v2\/posts\/1464\/revisions\/1474"}],"wp:attachment":[{"href":"http:\/\/grzinic-smid.si\/index.php?rest_route=%2Fwp%2Fv2%2Fmedia&parent=1464"}],"wp:term":[{"taxonomy":"category","embeddable":true,"href":"http:\/\/grzinic-smid.si\/index.php?rest_route=%2Fwp%2Fv2%2Fcategories&post=1464"},{"taxonomy":"post_tag","embeddable":true,"href":"http:\/\/grzinic-smid.si\/index.php?rest_route=%2Fwp%2Fv2%2Ftags&post=1464"}],"curies":[{"name":"wp","href":"https:\/\/api.w.org\/{rel}","templated":true}]}}