{"id":1164,"date":"2013-10-23T13:29:14","date_gmt":"2013-10-23T13:29:14","guid":{"rendered":"http:\/\/grzinic-smid.si\/?p=1164"},"modified":"2014-08-06T16:21:21","modified_gmt":"2014-08-06T16:21:21","slug":"utopia-of-alliances-conditions-of-impossibilities-and-the-vocabulary-of-decoloniality","status":"publish","type":"post","link":"http:\/\/grzinic-smid.si\/?p=1164","title":{"rendered":"Utopia of Alliances, Conditions of Impossibilities and the Vocabulary of Decoloniality (2013)"},"content":{"rendered":"<p><a href=\"http:\/\/grzinic-smid.si\/wp-content\/uploads\/2013\/10\/589_1.jpg\"><img loading=\"lazy\" decoding=\"async\" class=\"size-full wp-image-1165 alignleft\" alt=\"589_1\" src=\"http:\/\/grzinic-smid.si\/wp-content\/uploads\/2013\/10\/589_1.jpg\" width=\"215\" height=\"315\" srcset=\"http:\/\/grzinic-smid.si\/wp-content\/uploads\/2013\/10\/589_1.jpg 215w, http:\/\/grzinic-smid.si\/wp-content\/uploads\/2013\/10\/589_1-204x300.jpg 204w\" sizes=\"auto, (max-width: 215px) 100vw, 215px\" \/><\/a><strong>UTOPIA OF ALLIANCES, CONDITIONS OF IMPOSSIBILITIES AND THE VOCABULARY OF DECOLONIALITY<\/strong><br \/>\nEdited by the Editorial Group for Writing Insurgent Genealogies<br \/>\n(Carolina Agredo, Sheri Avraham, Annalisa Cannito, Miltiadis Gerothanasis, Marina Gr\u017eini\u0107, Marissa L\u00f4bo and Ivana Marjanovi\u0107)<\/p>\n<p>PUBLISHING DETAILS:<br \/>\nL\u00f6cker 2013<br \/>\nISBN 978-3-85409-589-7<br \/>\n362 pages<br \/>\nENGLISH<br \/>\nCOSTS: 29,80 euro<\/p>\n<p><span style=\"color: #ffffff;\">&#8211;<\/span><br \/>\nORDER:<br \/>\n<a href=\"http:\/\/www.loecker-verlag.at\/sites\/dynamic.pl?action=shop&amp;item=249&amp;group\">http:\/\/www.loecker-verlag.at\/sites\/dynamic.pl?action=shop&amp;item=249&amp;group<\/a>=<\/p>\n<p>and as well \u00a0online amazon de:<br \/>\n<a href=\"http:\/\/www.amazon.de\/Vocabulary-Decoloniality-Editorial-Insurgent-Genealogies\/dp\/3854095899\/ref=sr_1_1?ie=UTF8&amp;qid=1378195208&amp;sr=8-1&amp;keywords=the+vocabulary+of+decoloniality\">http:\/\/www.amazon.de\/Vocabulary-Decoloniality-Editorial-Insurgent-Genealogies\/dp\/3854095899\/ref=sr_1_1?ie=UTF8&amp;qid=1378195208&amp;sr=8-1&amp;keywords=the+vocabulary+of+decoloniality<\/a><\/p>\n<p><strong>SUMMARY:<\/strong><\/p>\n<p style=\"text-align: justify;\">This book is the outcome of the processes of studying, learning and de-learning, established over the last six years in the Post-Conceptual Art Practices (PCAP) class at the Academy of Fine Arts in Vienna.<\/p>\n<p style=\"text-align: justify;\">What\u2019s at stake here is to reflect not only on historical colonialism but also on the ways in which capitalism frames the world we inhabit here and now. The notion of decoloniality has provided a radical option with which to rethink learning processes coming from positions that are not exclusively Western-orientated but are instead formed by other political-social contexts and perspectives. The concept of decoloniality offers an insurgent position in the history of colonialism and in all its contemporary forms of colonial subjugation, exploitation and discrimination.<\/p>\n<p style=\"text-align: justify;\">It is important to analyse the continuities of colonialism, Nazism and fascism in contemporary neoliberal global capitalist democracies. With these continuities it is possible to define present racism, Islamophobia, anti-Romaism and anti-Semitism without, however, forming competing histories of oppression and persecution. Many questions could not be answered here and now, yet it was clear that we wanted to reflect upon memory politics as well as upon how to make alliances between present forms of anti-racist, anti-colonial, political, theoretical, critical and artistic works.<\/p>\n<p><strong>CONTRIBUTORS:<\/strong><\/p>\n<p>AG Migration und Antirassismus<br \/>\nCarolina \u00c1gredo<br \/>\nJamika Ajalon<br \/>\nAleksandra Aleksi\u0107<br \/>\nTania Araujo<br \/>\nTeht Ashmani, Jin Haritaworn and Misster Raju Rage<br \/>\nSheri Avraham<br \/>\nSarah Binder<br \/>\nImayna Caceres<br \/>\nLuzenir Caixeta<br \/>\nAnnalisa Cannito<br \/>\nEyal Danon<br \/>\nThe Darker Side of the Academy<br \/>\nPetja Dimitrova<br \/>\nLina Dokuzovi\u0107<br \/>\nVulcanita Erupziono<br \/>\nCoco Fusco<br \/>\nMar\u00eda Galindo<br \/>\nChristian Gangl<br \/>\nMiltiadis Gerothanasis<br \/>\nMarina Gr\u017eini\u0107<br \/>\nEncarnaci\u00f3n Guti\u00e9rrez Rodr\u00edguez<br \/>\ndu von jetzt-Muzaffer Hasaltay<br \/>\nPeter Haselmayer<br \/>\nAna Hoffner<br \/>\nFestus Ikeotuonye<br \/>\nNjideka Stephanie Iroh<br \/>\nAraba Evelyn Johnston-Arthur<br \/>\nT\u00edmea Junghaus<br \/>\nIvan Jurica<br \/>\nTatiana Kai-Browne<br \/>\nKanak Attak<br \/>\nBelinda Kazeem<br \/>\nGrada Kilomba<br \/>\nChristoph Kolar<br \/>\nKollektiv Recht auf Raum<br \/>\nElisabeth Lnenicka<br \/>\nMarissa L\u00f4bo<br \/>\nRenate Lorenz<br \/>\nmaiz \u2013 Autonomes Zentrum von &amp; f\u00fcr Migrantinnen<br \/>\nSylvia Marcos<br \/>\nIvana Marjanovi\u0107<br \/>\nVerena Melgarejo Weinandt<br \/>\nSophia M\u00eddian Bagues<br \/>\nMovimento Sem Terra (MST)<br \/>\nMujeres Creando<br \/>\nGeorg Oberlechner<br \/>\nOkenna Okafor<br \/>\nPlattform Geschichtspolitik<br \/>\nBeatriz Preciado<br \/>\nJovita Pristov\u0161ek<br \/>\nThe Research Group for Black Austrian History and Presence<br \/>\nRubia Salgado<br \/>\nSans-Papiers<br \/>\nAlessandra dos Santos Silva<br \/>\nTomash Schoiswohl<br \/>\nJude Sentongo Kafeero<br \/>\nStephen Small<br \/>\nAneta Stojni\u0107<br \/>\nMadina Tlostanova<br \/>\nReinhard Uttenthaler<br \/>\nRegina Wuzella<\/p>\n","protected":false},"excerpt":{"rendered":"<p>Edited by the Editorial Group for Writing Insurgent Genealogies<br \/>\n(Carolina Agredo, Sheri Avraham, Annalisa Cannito, Miltiadis Gerothanasis, Marina Gr\u017eini\u0107, Marissa L\u00f4bo and Ivana Marjanovi\u0107)<\/p>\n<p>This book is the outcome of the processes of studying, learning and de-learning, established over the last six years in the Post-Conceptual Art Practices (PCAP) class at the Academy of Fine Arts in Vienna&#8230;<\/p>\n<div class=\"read-more\"><a href=\"http:\/\/grzinic-smid.si\/?p=1164\">Read more &#8250;<\/a><\/div>\n<p><!-- end of .read-more --><\/p>\n","protected":false},"author":1,"featured_media":0,"comment_status":"open","ping_status":"open","sticky":false,"template":"","format":"standard","meta":{"footnotes":""},"categories":[368,123,367],"tags":[],"class_list":["post-1164","post","type-post","status-publish","format-standard","hentry","category-archive","category-books","category-news"],"_links":{"self":[{"href":"http:\/\/grzinic-smid.si\/index.php?rest_route=\/wp\/v2\/posts\/1164","targetHints":{"allow":["GET"]}}],"collection":[{"href":"http:\/\/grzinic-smid.si\/index.php?rest_route=\/wp\/v2\/posts"}],"about":[{"href":"http:\/\/grzinic-smid.si\/index.php?rest_route=\/wp\/v2\/types\/post"}],"author":[{"embeddable":true,"href":"http:\/\/grzinic-smid.si\/index.php?rest_route=\/wp\/v2\/users\/1"}],"replies":[{"embeddable":true,"href":"http:\/\/grzinic-smid.si\/index.php?rest_route=%2Fwp%2Fv2%2Fcomments&post=1164"}],"version-history":[{"count":6,"href":"http:\/\/grzinic-smid.si\/index.php?rest_route=\/wp\/v2\/posts\/1164\/revisions"}],"predecessor-version":[{"id":1267,"href":"http:\/\/grzinic-smid.si\/index.php?rest_route=\/wp\/v2\/posts\/1164\/revisions\/1267"}],"wp:attachment":[{"href":"http:\/\/grzinic-smid.si\/index.php?rest_route=%2Fwp%2Fv2%2Fmedia&parent=1164"}],"wp:term":[{"taxonomy":"category","embeddable":true,"href":"http:\/\/grzinic-smid.si\/index.php?rest_route=%2Fwp%2Fv2%2Fcategories&post=1164"},{"taxonomy":"post_tag","embeddable":true,"href":"http:\/\/grzinic-smid.si\/index.php?rest_route=%2Fwp%2Fv2%2Ftags&post=1164"}],"curies":[{"name":"wp","href":"https:\/\/api.w.org\/{rel}","templated":true}]}}