{"id":1066,"date":"2013-03-18T15:31:03","date_gmt":"2013-03-18T15:31:03","guid":{"rendered":"http:\/\/grzinic-smid.si\/?p=1066"},"modified":"2013-03-21T08:31:05","modified_gmt":"2013-03-21T08:31:05","slug":"die-fakultat-fur-kulturwissenschaften-ak-visuelle-kultur-2013","status":"publish","type":"post","link":"http:\/\/grzinic-smid.si\/?p=1066","title":{"rendered":"Die Fakult\u00e4t f\u00fcr Kulturwissenschaften &#8211; AK Visuelle Kultur (2013)"},"content":{"rendered":"<p style=\"text-align: justify;\">Klagenfurt\/Celovec, Austria<br \/>\nladen ein zur<br \/>\nZeit: Mittwoch 20. M\u00e4rz 2013 18h ct<br \/>\nOrt: Sz 1.29 (Oman Saal)<\/p>\n<p style=\"text-align: justify;\">Pr\u00e4sentation des Films RELATIONS\/ 25 Years of the Lesbian Group \u0160KUC-LL mit einer der Filmemacherinnen Marina Gr\u017eini\u0107 anschlie\u00dfend Diskussion, in englischer Sprache<\/p>\n<p style=\"text-align: justify;\">Marina Gr\u017eini\u0107 (1958) is doctor of philosophy and works as researcher at the Institute of Philosophy at the ZRC SAZU (Scientific and Research Centre of the Slovenian Academy of Science and Art) in Ljubljana. She also works as a freelance media theorist, art critic and curator. She is Professor at The Academy of Fine Arts in Vienna. Marina Grzinic has published many articles and essays and several books.<\/p>\n<p style=\"text-align: justify;\"><a href=\"http:\/\/grzinic-smid.si\/\">http:\/\/grzinic-smid.si\/<\/a><\/p>\n<p style=\"text-align: justify;\">This documentary video film made by Marina Gr\u017eini\u0107, Aina \u0160mid, Zvonka T Sim\u010di\u010d is about the 25th anniversary of the lesbian group \u0160KUC-LL(1987-2012) and about the lesbian movement in former Yugoslavia. It is a project that visualizes, and defines the context for the movement and of the LGBTQ community related to politics, economics, culture, arts and legal institutional structures; this contextualization works on two time-layers: first from the decaying socialism to neoliberal capitalism, second in the time of the 1990s. It depicts the transition to neoliberal global capitalism. The video film includes an analysis of the movement in the EU after 2004, when Slovenia became a member of EU as well as an analysis of the \u201cclimate\u201d that followed the discussions and rejection of a new family code in Slovenia in 2012. The family code was rejected by a referendum in March 2012, the majority decided negatively on basic human rights for same sex unions and their children. A special place is given to the Pride Parades in the ex-Yugoslavian territory.<\/p>\n<p style=\"text-align: justify;\">Die Veranstaltung findet als erste im Rahmen einer Kooperation zwischen Alpen-Adria-Universit\u00e4t Klagenfurt, FSP\/AG \u201eVisuelle Kultur\u201c (KUWI) und der Akademie f\u00fcr Bildende Kunst \u201eam Schillerplatz\u201c statt. Unterst\u00fctzt<\/p>\n<p style=\"text-align: justify;\">von: Zentrum f\u00fcr Frauen- und Geschlechterstudien (IFF), Queer Referat der \u00d6H.<\/p>\n","protected":false},"excerpt":{"rendered":"<p>Klagenfurt\/Celovec, Austria laden ein zur Zeit: Mittwoch 20. M\u00e4rz 2013 18h ct Ort: Sz 1.29 (Oman Saal) Pr\u00e4sentation des Films RELATIONS\/ 25 Years of the Lesbian Group \u0160KUC-LL mit einer der Filmemacherinnen Marina Gr\u017eini\u0107 anschlie\u00dfend Diskussion, in englischer Sprache Marina<span class=\"ellipsis\">&hellip;<\/span><\/p>\n<div class=\"read-more\"><a href=\"http:\/\/grzinic-smid.si\/?p=1066\">Read more &#8250;<\/a><\/div>\n<p><!-- end of .read-more --><\/p>\n","protected":false},"author":1,"featured_media":0,"comment_status":"open","ping_status":"open","sticky":false,"template":"","format":"standard","meta":{"footnotes":""},"categories":[368,367],"tags":[],"class_list":["post-1066","post","type-post","status-publish","format-standard","hentry","category-archive","category-news"],"_links":{"self":[{"href":"http:\/\/grzinic-smid.si\/index.php?rest_route=\/wp\/v2\/posts\/1066","targetHints":{"allow":["GET"]}}],"collection":[{"href":"http:\/\/grzinic-smid.si\/index.php?rest_route=\/wp\/v2\/posts"}],"about":[{"href":"http:\/\/grzinic-smid.si\/index.php?rest_route=\/wp\/v2\/types\/post"}],"author":[{"embeddable":true,"href":"http:\/\/grzinic-smid.si\/index.php?rest_route=\/wp\/v2\/users\/1"}],"replies":[{"embeddable":true,"href":"http:\/\/grzinic-smid.si\/index.php?rest_route=%2Fwp%2Fv2%2Fcomments&post=1066"}],"version-history":[{"count":5,"href":"http:\/\/grzinic-smid.si\/index.php?rest_route=\/wp\/v2\/posts\/1066\/revisions"}],"predecessor-version":[{"id":1078,"href":"http:\/\/grzinic-smid.si\/index.php?rest_route=\/wp\/v2\/posts\/1066\/revisions\/1078"}],"wp:attachment":[{"href":"http:\/\/grzinic-smid.si\/index.php?rest_route=%2Fwp%2Fv2%2Fmedia&parent=1066"}],"wp:term":[{"taxonomy":"category","embeddable":true,"href":"http:\/\/grzinic-smid.si\/index.php?rest_route=%2Fwp%2Fv2%2Fcategories&post=1066"},{"taxonomy":"post_tag","embeddable":true,"href":"http:\/\/grzinic-smid.si\/index.php?rest_route=%2Fwp%2Fv2%2Ftags&post=1066"}],"curies":[{"name":"wp","href":"https:\/\/api.w.org\/{rel}","templated":true}]}}